{"id":1590,"date":"2022-08-01T15:55:56","date_gmt":"2022-08-01T13:55:56","guid":{"rendered":"https:\/\/www.windowparis.fr\/2022\/08\/01\/article-13\/"},"modified":"2022-10-16T21:01:39","modified_gmt":"2022-10-16T19:01:39","slug":"article-13","status":"publish","type":"post","link":"https:\/\/www.windowparis.fr\/en\/article-13\/","title":{"rendered":"Mati\u00e8res fran\u00e7aises"},"content":{"rendered":"\n<p>Toile de coton \u00e0 larges rayures bord\u00e9es de surpiq\u00fbres \u00ab\u00a0sellier\u00a0\u00bb, tiss\u00e9e dans les Pyr\u00e9n\u00e9es<\/p>\n\n<p>#fabriqueenfrance #surmesure #naturalfabrics<\/p>\n","protected":false},"excerpt":{"rendered":"<p>Toile de coton \u00e0 larges rayures bord\u00e9es de surpiq\u00fbres \u00ab\u00a0sellier\u00a0\u00bb, tiss\u00e9e dans les Pyr\u00e9n\u00e9es #fabriqueenfrance #surmesure #naturalfabrics<\/p>\n","protected":false},"author":1,"featured_media":1783,"comment_status":"closed","ping_status":"closed","sticky":false,"template":"","format":"standard","meta":{"_acf_changed":false,"footnotes":""},"categories":[2],"tags":[],"class_list":["post-1590","post","type-post","status-publish","format-standard","has-post-thumbnail","hentry","category-uncategorized"],"acf":[],"yoast_head":"<!-- This site is optimized with the Yoast SEO plugin v27.5 - https:\/\/yoast.com\/product\/yoast-seo-wordpress\/ -->\n<title>Mati\u00e8res fran\u00e7aises - Window Paris<\/title>\n<meta name=\"robots\" content=\"index, follow, max-snippet:-1, max-image-preview:large, max-video-preview:-1\" \/>\n<link rel=\"canonical\" href=\"https:\/\/www.windowparis.fr\/en\/article-13\/\" \/>\n<meta property=\"og:locale\" content=\"en_US\" \/>\n<meta property=\"og:type\" content=\"article\" \/>\n<meta property=\"og:title\" content=\"Mati\u00e8res fran\u00e7aises - Window Paris\" \/>\n<meta property=\"og:description\" content=\"Toile de coton \u00e0 larges rayures bord\u00e9es de surpiq\u00fbres \u00ab\u00a0sellier\u00a0\u00bb, tiss\u00e9e dans les Pyr\u00e9n\u00e9es #fabriqueenfrance #surmesure #naturalfabrics\" \/>\n<meta property=\"og:url\" content=\"https:\/\/www.windowparis.fr\/en\/article-13\/\" \/>\n<meta property=\"og:site_name\" content=\"Window Paris\" \/>\n<meta property=\"article:publisher\" content=\"https:\/\/www.facebook.com\/WINDOW-100892739154156\/\" \/>\n<meta property=\"article:published_time\" content=\"2022-08-01T13:55:56+00:00\" \/>\n<meta property=\"article:modified_time\" content=\"2022-10-16T19:01:39+00:00\" \/>\n<meta property=\"og:image\" content=\"https:\/\/www.windowparis.fr\/wp-content\/uploads\/2022\/08\/11350FF0-9BBD-4684-884B-6B39465AA4BC.jpg\" \/>\n\t<meta property=\"og:image:width\" content=\"640\" \/>\n\t<meta property=\"og:image:height\" content=\"640\" \/>\n\t<meta property=\"og:image:type\" content=\"image\/jpeg\" \/>\n<meta name=\"author\" content=\"gchareyre\" \/>\n<meta name=\"twitter:card\" content=\"summary_large_image\" \/>\n<meta name=\"twitter:label1\" content=\"Written by\" \/>\n\t<meta name=\"twitter:data1\" content=\"gchareyre\" \/>\n<script type=\"application\/ld+json\" class=\"yoast-schema-graph\">{\"@context\":\"https:\\\/\\\/schema.org\",\"@graph\":[{\"@type\":\"Article\",\"@id\":\"https:\\\/\\\/www.windowparis.fr\\\/en\\\/article-13\\\/#article\",\"isPartOf\":{\"@id\":\"https:\\\/\\\/www.windowparis.fr\\\/en\\\/article-13\\\/\"},\"author\":{\"name\":\"gchareyre\",\"@id\":\"https:\\\/\\\/www.windowparis.fr\\\/#\\\/schema\\\/person\\\/faac6643b4427b0449b4ab6ddebeb9aa\"},\"headline\":\"Mati\u00e8res fran\u00e7aises\",\"datePublished\":\"2022-08-01T13:55:56+00:00\",\"dateModified\":\"2022-10-16T19:01:39+00:00\",\"mainEntityOfPage\":{\"@id\":\"https:\\\/\\\/www.windowparis.fr\\\/en\\\/article-13\\\/\"},\"wordCount\":25,\"publisher\":{\"@id\":\"https:\\\/\\\/www.windowparis.fr\\\/#organization\"},\"image\":{\"@id\":\"https:\\\/\\\/www.windowparis.fr\\\/en\\\/article-13\\\/#primaryimage\"},\"thumbnailUrl\":\"https:\\\/\\\/www.windowparis.fr\\\/wp-content\\\/uploads\\\/2022\\\/08\\\/11350FF0-9BBD-4684-884B-6B39465AA4BC.jpg\",\"inLanguage\":\"en-US\"},{\"@type\":\"WebPage\",\"@id\":\"https:\\\/\\\/www.windowparis.fr\\\/en\\\/article-13\\\/\",\"url\":\"https:\\\/\\\/www.windowparis.fr\\\/en\\\/article-13\\\/\",\"name\":\"Mati\u00e8res fran\u00e7aises - Window Paris\",\"isPartOf\":{\"@id\":\"https:\\\/\\\/www.windowparis.fr\\\/#website\"},\"primaryImageOfPage\":{\"@id\":\"https:\\\/\\\/www.windowparis.fr\\\/en\\\/article-13\\\/#primaryimage\"},\"image\":{\"@id\":\"https:\\\/\\\/www.windowparis.fr\\\/en\\\/article-13\\\/#primaryimage\"},\"thumbnailUrl\":\"https:\\\/\\\/www.windowparis.fr\\\/wp-content\\\/uploads\\\/2022\\\/08\\\/11350FF0-9BBD-4684-884B-6B39465AA4BC.jpg\",\"datePublished\":\"2022-08-01T13:55:56+00:00\",\"dateModified\":\"2022-10-16T19:01:39+00:00\",\"breadcrumb\":{\"@id\":\"https:\\\/\\\/www.windowparis.fr\\\/en\\\/article-13\\\/#breadcrumb\"},\"inLanguage\":\"en-US\",\"potentialAction\":[{\"@type\":\"ReadAction\",\"target\":[\"https:\\\/\\\/www.windowparis.fr\\\/en\\\/article-13\\\/\"]}]},{\"@type\":\"ImageObject\",\"inLanguage\":\"en-US\",\"@id\":\"https:\\\/\\\/www.windowparis.fr\\\/en\\\/article-13\\\/#primaryimage\",\"url\":\"https:\\\/\\\/www.windowparis.fr\\\/wp-content\\\/uploads\\\/2022\\\/08\\\/11350FF0-9BBD-4684-884B-6B39465AA4BC.jpg\",\"contentUrl\":\"https:\\\/\\\/www.windowparis.fr\\\/wp-content\\\/uploads\\\/2022\\\/08\\\/11350FF0-9BBD-4684-884B-6B39465AA4BC.jpg\",\"width\":640,\"height\":640,\"caption\":\"Bord\u00e9es de surpiq\u00fbres, ces larges rayures \u00e0 intervalles r\u00e9guliers ont \u00e9t\u00e9 tiss\u00e9es \u00e0 Saint-Laurent-de-Cerdans\"},{\"@type\":\"BreadcrumbList\",\"@id\":\"https:\\\/\\\/www.windowparis.fr\\\/en\\\/article-13\\\/#breadcrumb\",\"itemListElement\":[{\"@type\":\"ListItem\",\"position\":1,\"name\":\"Accueil\",\"item\":\"https:\\\/\\\/www.windowparis.fr\\\/en\\\/\"},{\"@type\":\"ListItem\",\"position\":2,\"name\":\"Mati\u00e8res fran\u00e7aises\"}]},{\"@type\":\"WebSite\",\"@id\":\"https:\\\/\\\/www.windowparis.fr\\\/#website\",\"url\":\"https:\\\/\\\/www.windowparis.fr\\\/\",\"name\":\"Window Paris\",\"description\":\"Des rideaux sur mesure fabriqu\u00e9s en France\",\"publisher\":{\"@id\":\"https:\\\/\\\/www.windowparis.fr\\\/#organization\"},\"potentialAction\":[{\"@type\":\"SearchAction\",\"target\":{\"@type\":\"EntryPoint\",\"urlTemplate\":\"https:\\\/\\\/www.windowparis.fr\\\/?s={search_term_string}\"},\"query-input\":{\"@type\":\"PropertyValueSpecification\",\"valueRequired\":true,\"valueName\":\"search_term_string\"}}],\"inLanguage\":\"en-US\"},{\"@type\":\"Organization\",\"@id\":\"https:\\\/\\\/www.windowparis.fr\\\/#organization\",\"name\":\"Window Paris\",\"url\":\"https:\\\/\\\/www.windowparis.fr\\\/\",\"logo\":{\"@type\":\"ImageObject\",\"inLanguage\":\"en-US\",\"@id\":\"https:\\\/\\\/www.windowparis.fr\\\/#\\\/schema\\\/logo\\\/image\\\/\",\"url\":\"https:\\\/\\\/www.windowparis.fr\\\/wp-content\\\/uploads\\\/2022\\\/07\\\/logo.svg\",\"contentUrl\":\"https:\\\/\\\/www.windowparis.fr\\\/wp-content\\\/uploads\\\/2022\\\/07\\\/logo.svg\",\"width\":322,\"height\":71,\"caption\":\"Window Paris\"},\"image\":{\"@id\":\"https:\\\/\\\/www.windowparis.fr\\\/#\\\/schema\\\/logo\\\/image\\\/\"},\"sameAs\":[\"https:\\\/\\\/www.facebook.com\\\/WINDOW-100892739154156\\\/\"]},{\"@type\":\"Person\",\"@id\":\"https:\\\/\\\/www.windowparis.fr\\\/#\\\/schema\\\/person\\\/faac6643b4427b0449b4ab6ddebeb9aa\",\"name\":\"gchareyre\",\"image\":{\"@type\":\"ImageObject\",\"inLanguage\":\"en-US\",\"@id\":\"https:\\\/\\\/secure.gravatar.com\\\/avatar\\\/58698729b976f11ac57bf8d08d786aee47db56e9d0ab450a387ac34973428815?s=96&d=mm&r=g\",\"url\":\"https:\\\/\\\/secure.gravatar.com\\\/avatar\\\/58698729b976f11ac57bf8d08d786aee47db56e9d0ab450a387ac34973428815?s=96&d=mm&r=g\",\"contentUrl\":\"https:\\\/\\\/secure.gravatar.com\\\/avatar\\\/58698729b976f11ac57bf8d08d786aee47db56e9d0ab450a387ac34973428815?s=96&d=mm&r=g\",\"caption\":\"gchareyre\"},\"sameAs\":[\"https:\\\/\\\/www.windowparis.fr\"],\"url\":\"https:\\\/\\\/www.windowparis.fr\\\/en\\\/author\\\/gchareyre\\\/\"}]}<\/script>\n<!-- \/ Yoast SEO plugin. -->","yoast_head_json":{"title":"Mati\u00e8res fran\u00e7aises - Window Paris","robots":{"index":"index","follow":"follow","max-snippet":"max-snippet:-1","max-image-preview":"max-image-preview:large","max-video-preview":"max-video-preview:-1"},"canonical":"https:\/\/www.windowparis.fr\/en\/article-13\/","og_locale":"en_US","og_type":"article","og_title":"Mati\u00e8res fran\u00e7aises - Window Paris","og_description":"Toile de coton \u00e0 larges rayures bord\u00e9es de surpiq\u00fbres \u00ab\u00a0sellier\u00a0\u00bb, tiss\u00e9e dans les Pyr\u00e9n\u00e9es #fabriqueenfrance #surmesure #naturalfabrics","og_url":"https:\/\/www.windowparis.fr\/en\/article-13\/","og_site_name":"Window Paris","article_publisher":"https:\/\/www.facebook.com\/WINDOW-100892739154156\/","article_published_time":"2022-08-01T13:55:56+00:00","article_modified_time":"2022-10-16T19:01:39+00:00","og_image":[{"width":640,"height":640,"url":"https:\/\/www.windowparis.fr\/wp-content\/uploads\/2022\/08\/11350FF0-9BBD-4684-884B-6B39465AA4BC.jpg","type":"image\/jpeg"}],"author":"gchareyre","twitter_card":"summary_large_image","twitter_misc":{"Written by":"gchareyre"},"schema":{"@context":"https:\/\/schema.org","@graph":[{"@type":"Article","@id":"https:\/\/www.windowparis.fr\/en\/article-13\/#article","isPartOf":{"@id":"https:\/\/www.windowparis.fr\/en\/article-13\/"},"author":{"name":"gchareyre","@id":"https:\/\/www.windowparis.fr\/#\/schema\/person\/faac6643b4427b0449b4ab6ddebeb9aa"},"headline":"Mati\u00e8res fran\u00e7aises","datePublished":"2022-08-01T13:55:56+00:00","dateModified":"2022-10-16T19:01:39+00:00","mainEntityOfPage":{"@id":"https:\/\/www.windowparis.fr\/en\/article-13\/"},"wordCount":25,"publisher":{"@id":"https:\/\/www.windowparis.fr\/#organization"},"image":{"@id":"https:\/\/www.windowparis.fr\/en\/article-13\/#primaryimage"},"thumbnailUrl":"https:\/\/www.windowparis.fr\/wp-content\/uploads\/2022\/08\/11350FF0-9BBD-4684-884B-6B39465AA4BC.jpg","inLanguage":"en-US"},{"@type":"WebPage","@id":"https:\/\/www.windowparis.fr\/en\/article-13\/","url":"https:\/\/www.windowparis.fr\/en\/article-13\/","name":"Mati\u00e8res fran\u00e7aises - Window Paris","isPartOf":{"@id":"https:\/\/www.windowparis.fr\/#website"},"primaryImageOfPage":{"@id":"https:\/\/www.windowparis.fr\/en\/article-13\/#primaryimage"},"image":{"@id":"https:\/\/www.windowparis.fr\/en\/article-13\/#primaryimage"},"thumbnailUrl":"https:\/\/www.windowparis.fr\/wp-content\/uploads\/2022\/08\/11350FF0-9BBD-4684-884B-6B39465AA4BC.jpg","datePublished":"2022-08-01T13:55:56+00:00","dateModified":"2022-10-16T19:01:39+00:00","breadcrumb":{"@id":"https:\/\/www.windowparis.fr\/en\/article-13\/#breadcrumb"},"inLanguage":"en-US","potentialAction":[{"@type":"ReadAction","target":["https:\/\/www.windowparis.fr\/en\/article-13\/"]}]},{"@type":"ImageObject","inLanguage":"en-US","@id":"https:\/\/www.windowparis.fr\/en\/article-13\/#primaryimage","url":"https:\/\/www.windowparis.fr\/wp-content\/uploads\/2022\/08\/11350FF0-9BBD-4684-884B-6B39465AA4BC.jpg","contentUrl":"https:\/\/www.windowparis.fr\/wp-content\/uploads\/2022\/08\/11350FF0-9BBD-4684-884B-6B39465AA4BC.jpg","width":640,"height":640,"caption":"Bord\u00e9es de surpiq\u00fbres, ces larges rayures \u00e0 intervalles r\u00e9guliers ont \u00e9t\u00e9 tiss\u00e9es \u00e0 Saint-Laurent-de-Cerdans"},{"@type":"BreadcrumbList","@id":"https:\/\/www.windowparis.fr\/en\/article-13\/#breadcrumb","itemListElement":[{"@type":"ListItem","position":1,"name":"Accueil","item":"https:\/\/www.windowparis.fr\/en\/"},{"@type":"ListItem","position":2,"name":"Mati\u00e8res fran\u00e7aises"}]},{"@type":"WebSite","@id":"https:\/\/www.windowparis.fr\/#website","url":"https:\/\/www.windowparis.fr\/","name":"Window Paris","description":"Des rideaux sur mesure fabriqu\u00e9s en France","publisher":{"@id":"https:\/\/www.windowparis.fr\/#organization"},"potentialAction":[{"@type":"SearchAction","target":{"@type":"EntryPoint","urlTemplate":"https:\/\/www.windowparis.fr\/?s={search_term_string}"},"query-input":{"@type":"PropertyValueSpecification","valueRequired":true,"valueName":"search_term_string"}}],"inLanguage":"en-US"},{"@type":"Organization","@id":"https:\/\/www.windowparis.fr\/#organization","name":"Window Paris","url":"https:\/\/www.windowparis.fr\/","logo":{"@type":"ImageObject","inLanguage":"en-US","@id":"https:\/\/www.windowparis.fr\/#\/schema\/logo\/image\/","url":"https:\/\/www.windowparis.fr\/wp-content\/uploads\/2022\/07\/logo.svg","contentUrl":"https:\/\/www.windowparis.fr\/wp-content\/uploads\/2022\/07\/logo.svg","width":322,"height":71,"caption":"Window Paris"},"image":{"@id":"https:\/\/www.windowparis.fr\/#\/schema\/logo\/image\/"},"sameAs":["https:\/\/www.facebook.com\/WINDOW-100892739154156\/"]},{"@type":"Person","@id":"https:\/\/www.windowparis.fr\/#\/schema\/person\/faac6643b4427b0449b4ab6ddebeb9aa","name":"gchareyre","image":{"@type":"ImageObject","inLanguage":"en-US","@id":"https:\/\/secure.gravatar.com\/avatar\/58698729b976f11ac57bf8d08d786aee47db56e9d0ab450a387ac34973428815?s=96&d=mm&r=g","url":"https:\/\/secure.gravatar.com\/avatar\/58698729b976f11ac57bf8d08d786aee47db56e9d0ab450a387ac34973428815?s=96&d=mm&r=g","contentUrl":"https:\/\/secure.gravatar.com\/avatar\/58698729b976f11ac57bf8d08d786aee47db56e9d0ab450a387ac34973428815?s=96&d=mm&r=g","caption":"gchareyre"},"sameAs":["https:\/\/www.windowparis.fr"],"url":"https:\/\/www.windowparis.fr\/en\/author\/gchareyre\/"}]}},"_links":{"self":[{"href":"https:\/\/www.windowparis.fr\/en\/wp-json\/wp\/v2\/posts\/1590","targetHints":{"allow":["GET"]}}],"collection":[{"href":"https:\/\/www.windowparis.fr\/en\/wp-json\/wp\/v2\/posts"}],"about":[{"href":"https:\/\/www.windowparis.fr\/en\/wp-json\/wp\/v2\/types\/post"}],"author":[{"embeddable":true,"href":"https:\/\/www.windowparis.fr\/en\/wp-json\/wp\/v2\/users\/1"}],"replies":[{"embeddable":true,"href":"https:\/\/www.windowparis.fr\/en\/wp-json\/wp\/v2\/comments?post=1590"}],"version-history":[{"count":6,"href":"https:\/\/www.windowparis.fr\/en\/wp-json\/wp\/v2\/posts\/1590\/revisions"}],"predecessor-version":[{"id":2232,"href":"https:\/\/www.windowparis.fr\/en\/wp-json\/wp\/v2\/posts\/1590\/revisions\/2232"}],"wp:featuredmedia":[{"embeddable":true,"href":"https:\/\/www.windowparis.fr\/en\/wp-json\/wp\/v2\/media\/1783"}],"wp:attachment":[{"href":"https:\/\/www.windowparis.fr\/en\/wp-json\/wp\/v2\/media?parent=1590"}],"wp:term":[{"taxonomy":"category","embeddable":true,"href":"https:\/\/www.windowparis.fr\/en\/wp-json\/wp\/v2\/categories?post=1590"},{"taxonomy":"post_tag","embeddable":true,"href":"https:\/\/www.windowparis.fr\/en\/wp-json\/wp\/v2\/tags?post=1590"}],"curies":[{"name":"wp","href":"https:\/\/api.w.org\/{rel}","templated":true}]}}